{"id":623,"date":"2021-03-08T14:30:02","date_gmt":"2021-03-08T13:30:02","guid":{"rendered":"http:\/\/velmart.hr\/?p=623"},"modified":"2021-03-08T14:33:21","modified_gmt":"2021-03-08T13:33:21","slug":"jesu-li-najbolje-godine-prosle-ili-tek-dolaze","status":"publish","type":"post","link":"https:\/\/velmart.hr\/hr\/2021\/03\/08\/jesu-li-najbolje-godine-prosle-ili-tek-dolaze\/","title":{"rendered":"Jesu li najbolje godine pro\u0161le ili tek dolaze?"},"content":{"rendered":"<p><span style=\"font-weight: 400;\">Pro\u0161lo je to\u010dno 30 godina od osnutka Velmarta. Mo\u017eda \u0107e neki re\u0107i, kao da je bilo ju\u010der, a neki da se \u010dini kao neki drugi \u017eivot. Za mene je to ve\u0107ina mojeg \u017eivota, pa smo Velmart i ja u nekim najboljim godinama.<\/span><!--more--><\/p>\n<p><span style=\"font-weight: 400;\">To\u010dno 8. o\u017eujka 1991. godine, na sam Dan \u017eena moja mama, osniva\u010dica i vlasnica Velmart d.o.o. dobila je rje\u0161enje o osnivanju tvrtke. Bio je to zaista nevjerojatan poklon za mladu 28-godi\u0161nju \u017eenu, pred ratni vihor koji je te iste godine promijenio sve.<\/span><\/p>\n<p><span style=\"font-weight: 400;\">U tih 30 godina u na\u0161oj tvrtki je bilo sve skupa zaposleno vi\u0161e od 30 zaposlenika, a neki od njih su ostavili neizbrisiv trag u pozitivnom smislu i bez njih nebi bilo 30. ro\u0111endana. Bilo je tu i radnika, a ponekad i neradnika svih mogu\u0107ih dobi i zanimanja. Hvala im svima!<\/span><\/p>\n<p><strong>Radnik u (radni\u010dkom) odijelu<\/strong><\/p>\n<p><span style=\"font-weight: 400;\">Za sebe mogu re\u0107i da sam postao \u201eradnik\u201c u Velmartu s niti napunjenih 10 godina. Ne mislim pod time da sam radio u bilo kojem kapacitetu, nego sam po\u010deo svoj su\u017eivot s jo\u0161 jednom prido\u0161licom u obitelj. S njom se ru\u010dalo za obiteljskim stolom, zbog nje se slavilo, zbog nje su izbijale naj\u017ee\u0161\u0107e sva\u0111e. Zbog nje se veselilo i strepilo, zbog nje svi imamo brojne nemirne, pa i neprospavane no\u0107i.<\/span><\/p>\n<p><span style=\"font-weight: 400;\">U nekim trenucima Velmart je vi\u0161e davao, a ponekad vi\u0161e uzimao. Usponi i padovi koji su oblikovali mene i moje roditelje u osobe koje su danas.<\/span><\/p>\n<p><span style=\"font-weight: 400;\">Velmart je na neki na\u010din postao stil \u017eivota, donekle jo\u0161 jedno dijete koje moje roditelji nisu imali, ponekad najbolje i najdra\u017ee dijete na svijetu, ponekad vrlo zahtjevno razma\u017eeno deri\u0161te, zlo\u010desto i inatljivo.<\/span><\/p>\n<p><span style=\"font-weight: 400;\">No, bilo kako bilo, to dijete je odraslo. Neki bi rekli: 30-e godine su one najbolje, a neki da su najbolje godine pro\u0161le. Jedno je sigurno da se na\u010din poslovanja promijenio i jo\u0161 \u0107e se mijenjati.<\/span><\/p>\n<p><strong>Osvje\u0161\u0107ivanje<\/strong><\/p>\n<p><span style=\"font-weight: 400;\">Sje\u0107am se svojeg prvog dana na poslu u Velmartu nakon zavr\u0161enog fakulteta. Do\u0161ao sam na posao u odijelu i ula\u0161tenim cipelama, s ko\u017enom aktovkom u ruci. Sada u najboljem slu\u010daju dolazim u trapericama i majici. Nisam degradiran, nego sam se osvijestio.<\/span><\/p>\n<p><span style=\"font-weight: 400;\">Nekad sam radio samo u uredu, a sada vozim kamion i vili\u010dar, jer sam nakon zavr\u0161enog fakulteta morao ponovno zavr\u0161iti jo\u0161 jednu srednju \u0161kolu i to za profesionalnog voza\u010da. To je jo\u0161 jedan od paradoksa na\u0161ih zakona i dr\u017eave &#8211; s fakulteta u srednju \u0161kolu\u2026<\/span><\/p>\n<p><span style=\"font-weight: 400;\">Osim \u0161to sam vili\u010darist, kamiond\u017eija i povremeni radnik u skladi\u0161tu, voditelj sam financija, a proteklih pet mjeseci i direktor. Nakon vi\u0161e od 29 godina donesena je odluka da se moja mama povu\u010de s te pozicije i postane moja desna ruka. U biti, zamijenili smo uredske uloge.<\/span><\/p>\n<p><strong>Zrele godine<\/strong><\/p>\n<p><span style=\"font-weight: 400;\">Vremena su se promijenila i mi se nastojimo mijenjati s njima. Ni jedna promjena nije laka, no va\u017ean je cilj koji smo si zadali.<\/span><\/p>\n<p><span style=\"font-weight: 400;\">Covid-19 nam je pro\u0161le godine zadao vrlo te\u0161ke udarce, donesene su neke te\u0161ke i prijelomne odluke, a to je da nakon 29 godina prestanemo iz klaonica prikupljati sirovu gove\u0111u ko\u017eu. Ostavili smo samo jedan segment poslovanja, a to je prikupljanje ko\u017ea gove\u0111ih glava. Tako\u0111er, intenzivno posljednjih nekoliko mjeseci istra\u017eujemo i druge opcije vezane za sirovinu i proizvodnju hrane za ku\u0107ne ljubimce.<\/span><\/p>\n<p><span style=\"font-weight: 400;\">Dakle, na 30. ro\u0111endan, mogu re\u0107i da se nalazimo na prekretnici. Imamo nove vizije i nove ciljeve i idemo naprijed. Tvrtka ulazi u one zrele, mudrije godine. Volio bih misliti da sam i ja takav. Naposljetku, Velmart i ja smo zajedno odrasli.<\/span><\/p>\n<p><span style=\"font-weight: 400;\">Planova je mnogo, ideja jo\u0161 vi\u0161e, ciljevi su zacrtani, ali i fleksibilni. Ne znamo \u0161to nam donosi ova godina, pa ni one naredne godine. Pandemija Covida je ostavila i ostavit \u0107e duboki trag na svima nama i privatno i poslovno. No, samo \u0107e vrijeme pokazati koliko su neke stvari bile pozitivne, a koliko negativne.<\/span><\/p>\n<p><span style=\"font-weight: 400;\">Htjeli mi to ili ne, ova pandemija nas je nau\u010dila da je onaj nevjerojatan distopijski scenarij mogu\u0107, da se ne doga\u0111a samo u filmovima i knjigama. Da uvijek postoji \u201eX faktor\u201c koji moramo ura\u010dunati u poslovne i \u017eivotne jednad\u017ebe.<\/span><\/p>\n<p><strong>Sretan ro\u0111endan<\/strong><\/p>\n<p><span style=\"font-weight: 400;\">Sigurno \u0107e u sljede\u0107ih nekoliko godina biti jasnije \u0161to smo nau\u010dili iz 2020. Ono \u0161to je sigurno jest da je kolektivno sje\u0107anje ljudi mnogo kra\u0107e nego \u0161to bi trebalo biti. Ho\u0107e li na\u0161a budu\u0107nost sli\u010diti vi\u0161e onoj u SF-u, te\u0161ko je re\u0107i, no Velmart je spreman (donekle). Proizvodimo elektri\u010dnu energiju uz pomo\u0107 solarnih panela ve\u0107 sedam godina. Pro\u0161le godine smo jo\u0161 pove\u0107ali kapacitete. U tijeku su planovi za nove korake u poslovanju.<\/span><\/p>\n<p><span style=\"font-weight: 400;\">Fizi\u010dke radne snage sve je manje, i to ne na\u0161im odabirom, ali radimo na olak\u0161avanju posla i \u0161to ve\u0107oj automatizaciji.<\/span><\/p>\n<p><span style=\"font-weight: 400;\">I dok \u010dekamo cijepljenje protiv Covida-19, da mo\u017eemo kona\u010dno po\u010deti putovati poslovno i privatno, stvaramo planove za bolje sutra.<\/span><\/p>\n<p><strong>Sretan 30. ro\u0111endan!<\/strong><\/p>\n<p>&nbsp;<\/p>\n","protected":false},"excerpt":{"rendered":"<p>Pro\u0161lo je to\u010dno 30 godina od osnutka Velmarta. Mo\u017eda \u0107e neki re\u0107i, kao da je bilo ju\u010der, a neki da se \u010dini kao neki drugi \u017eivot. Za mene je to ve\u0107ina mojeg \u017eivota, pa smo Velmart i ja u nekim najboljim godinama.<\/p>\n","protected":false},"author":2,"featured_media":627,"comment_status":"closed","ping_status":"closed","sticky":false,"template":"","format":"standard","meta":{"footnotes":""},"categories":[7,4],"tags":[],"post_series":[],"class_list":["post-623","post","type-post","status-publish","format-standard","has-post-thumbnail","hentry","category-blog","category-naslovnica","entry","has-media"],"translation":{"provider":"WPGlobus","version":"3.0.2","language":"hr","enabled_languages":["en","hr"],"languages":{"en":{"title":false,"content":false,"excerpt":false},"hr":{"title":true,"content":true,"excerpt":false}}},"aioseo_notices":[],"_links":{"self":[{"href":"https:\/\/velmart.hr\/hr\/wp-json\/wp\/v2\/posts\/623","targetHints":{"allow":["GET"]}}],"collection":[{"href":"https:\/\/velmart.hr\/hr\/wp-json\/wp\/v2\/posts"}],"about":[{"href":"https:\/\/velmart.hr\/hr\/wp-json\/wp\/v2\/types\/post"}],"author":[{"embeddable":true,"href":"https:\/\/velmart.hr\/hr\/wp-json\/wp\/v2\/users\/2"}],"replies":[{"embeddable":true,"href":"https:\/\/velmart.hr\/hr\/wp-json\/wp\/v2\/comments?post=623"}],"version-history":[{"count":2,"href":"https:\/\/velmart.hr\/hr\/wp-json\/wp\/v2\/posts\/623\/revisions"}],"predecessor-version":[{"id":625,"href":"https:\/\/velmart.hr\/hr\/wp-json\/wp\/v2\/posts\/623\/revisions\/625"}],"wp:featuredmedia":[{"embeddable":true,"href":"https:\/\/velmart.hr\/hr\/wp-json\/wp\/v2\/media\/627"}],"wp:attachment":[{"href":"https:\/\/velmart.hr\/hr\/wp-json\/wp\/v2\/media?parent=623"}],"wp:term":[{"taxonomy":"category","embeddable":true,"href":"https:\/\/velmart.hr\/hr\/wp-json\/wp\/v2\/categories?post=623"},{"taxonomy":"post_tag","embeddable":true,"href":"https:\/\/velmart.hr\/hr\/wp-json\/wp\/v2\/tags?post=623"},{"taxonomy":"post_series","embeddable":true,"href":"https:\/\/velmart.hr\/hr\/wp-json\/wp\/v2\/post_series?post=623"}],"curies":[{"name":"wp","href":"https:\/\/api.w.org\/{rel}","templated":true}]}}